{"id":17,"date":"2010-11-14T18:09:16","date_gmt":"2010-11-14T18:09:16","guid":{"rendered":"http:\/\/www.salud20.es\/manifiesto\/?p=17"},"modified":"2010-11-19T21:30:10","modified_gmt":"2010-11-19T20:30:10","slug":"salud-2-0-lineas-para-una-sanidad-participativa","status":"publish","type":"post","link":"https:\/\/www.salud20.es\/manifiesto\/index.php\/2010\/11\/14\/salud-2-0-lineas-para-una-sanidad-participativa\/","title":{"rendered":"Salud 2.0  L\u00edneas para una Sanidad Participativa"},"content":{"rendered":"<p><a class=\"twitter-share-button\" href=\"http:\/\/twitter.com\/share\">Tweet<\/a><script src=\"http:\/\/platform.twitter.com\/widgets.js\" type=\"text\/javascript\">\/\/ <![CDATA[\n<script type=\"text\/javascript\" src=\"http:\/\/platform.twitter.com\/widgets.js\">\n\/\/ ]]><\/script><br \/>\n<script src=\"http:\/\/connect.facebook.net\/en_US\/all.js#xfbml=1\"><\/script><\/p>\n<h3><em>32 a\u00f1os desde Alma-Ata<\/em><\/h3>\n<p style=\"text-align: justify;\"><em>De la comunidad que se reuni\u00f3 por primera vez en septiembre 2010 con las primeras dos conferencias sobre Salud 2.0 en Sevilla y Granada, y que se ha vuelto a reunir en el reciente encuentro Salud 2.0 en Abla (Almer\u00eda) a finales de 2010, surge la iniciativa <\/em><strong><em><span style=\"color: #993366;\"><a href=\"http:\/\/twitter.com\/#search?q=%23salud20Andalucia\">#salud20Andalucia<\/a><\/span><\/em><\/strong><em><span style=\"color: #993366;\">.<\/span><\/em><\/p>\n<p style=\"text-align: justify;\"><em>Pero <\/em><strong><em><span style=\"color: #993366;\">#salud20andalucia<\/span> <\/em><\/strong><em>se ha convertido en mucho m\u00e1s que en una <\/em><strong><em><span style=\"color: #993366;\">etiqueta <\/span><\/em><\/strong><em>de una aplicaci\u00f3n de \u00e9xito (Twitter\u00ae), <\/em><strong><em><span style=\"color: #993366;\">#salud20andalucia<\/span> <\/em><\/strong><em>es el germen visionario de un grupo abierto, colaborativo y entusiasta, donde cada uno aporta su visi\u00f3n como ciudadano y profesional y donde las aportaciones no est\u00e1n limitadas a Andaluc\u00eda sino que se abren a la comunidad global, con participaciones tanto nacionales como internacionales.<\/em><\/p>\n<p style=\"text-align: right;\"><strong><em><span style=\"color: #993366;\">Del ideario colectivo surge este manifiesto<\/span><\/em><\/strong><em><span style=\"color: #993366;\">.<\/span><\/em><\/p>\n<p style=\"text-align: justify;\"><em>Los integrantes de este grupo estamos convencidos de que es necesario avanzar hacia un <\/em><strong><em><span style=\"color: #993366;\">nuevo modelo sociosanitario<\/span> <\/em><\/strong><em>m\u00e1s sostenible, participativo y democr\u00e1tico, en el que las relaciones entre la ciudadan\u00eda, los profesionales y las organizaciones sean necesaria y oportunamente redise\u00f1adas para lograr una sanidad m\u00e1s accesible y cercana.<\/em><\/p>\n<p style=\"text-align: justify;\"><em>Pensamos que el concepto Salud 2.0 debe entenderse como un cambio en la cultura organizacional sustentado en una concepci\u00f3n horizontal y colaborativa, frente a la vision tradicional piramidal y jerarquizada.<\/em><\/p>\n<p style=\"text-align: justify;\"><em>Las instituciones sanitarias pueden y deben aprovechar el potencial de cambio de este nuevo modelo de salud 2.0 para lo que podr\u00e1n contar con los profesionales que ya han dado pasos en este sentido.<\/em><\/p>\n<p style=\"text-align: justify;\"><em>Sobre estas ideas se redactan estas l\u00edneas de trabajo que se convierten as\u00ed en <\/em><strong><em><span style=\"color: #993366;\">nuestra propuesta<\/span> <\/em><\/strong><em>para empezar la renovaci\u00f3n de la sanidad siguiendo el modelo que surge de la Web 2.0.<\/em><\/p>\n<p style=\"text-align: right;\"><em> <\/em><strong><em><span style=\"color: #993366;\">Para la Ciudadan\u00eda:<\/span><\/em><\/strong><\/p>\n<p style=\"text-align: justify;\"><em>Los ciudadanos seg\u00fan el principio de Autonom\u00eda del paciente, recogido en la Ley de Autonom\u00eda del Paciente, son co- <\/em><strong><em><span style=\"color: #993366;\">responsables<\/span> <\/em><\/strong><em>de su salud, por lo que su participaci\u00f3n activa es imprescindible tanto en el cuidado de su salud como en la mejora de los sistemas sociosanitarios.<\/em><\/p>\n<p style=\"text-align: justify;\"><em>Se debe respetar y fomentar la <\/em><strong><em><span style=\"color: #993366;\">auto-organizaci\u00f3n ciudadana<\/span> <\/em><\/strong><em>en comunidades en red. No hay mejor empoderamiento que el que surge de manera espont\u00e1nea y aut\u00f3noma.<\/em><\/p>\n<p style=\"text-align: justify;\"><em>Las conversaciones de la ciudadan\u00eda en torno a su salud y al sistema sanitario no deben ser entendidas como amenazas por gestores o profesionales, sino como una gran oportunidad para mejorar el propio sistema.<\/em><\/p>\n<p style=\"text-align: justify;\"><em>La <\/em><strong><em><span style=\"color: #993366;\">ciudadania participativa<\/span> <\/em><\/strong><em>no espera a que se le pregunte para opinar y valorar la calidad de los servicios. Las opiniones originadas en la red son un sistema \u00e1gil y de gran valor para la mejora continua de los sistemas sociosanitarios. Las organizaciones no pueden limitarse a sus sistemas de evaluaci\u00f3n tradicionales.<\/em><\/p>\n<p style=\"text-align: justify;\"><em>Las tecnolog\u00edas ofrecen posibilidades y soluciones. Todas ellas han de estar al servicio de las <\/em><strong><em><span style=\"color: #993366;\">necesidades ciudadanas<\/span><\/em><\/strong><em>, independientemente de las agendas institucionales. Si no es as\u00ed, podr\u00edan convertirse en un obst\u00e1culo en la mejora del sistema sociosanitario.<\/em><\/p>\n<p style=\"text-align: justify;\"><em>Las <\/em><strong><em><span style=\"color: #993366;\">soluciones<\/span> <\/em><\/strong><em>tecnol\u00f3gicas han de ser <\/em><strong><em><span style=\"color: #993366;\">simples, manejables y accesibles<\/span><\/em><\/strong><em><span style=\"color: #993366;\">.<\/span> Antes de implantar una aplicaci\u00f3n hay que valorar si cumple estas premisas. La formaci\u00f3n de la ciudadan\u00eda constituye un requisito imprescindible para su \u00e9xito.<\/em><\/p>\n<p style=\"text-align: justify;\"><em>Las iniciativas institucionales con soporte tecnol\u00f3gico, cuando no se ha tenido en cuenta a la ciudadan\u00eda, suelen fallar al trasladarse a la pr\u00e1ctica real, por lo que deber\u00e1n ser planteadas desde <\/em><strong><em><span style=\"color: #993366;\">su punto de vista<\/span><\/em><\/strong><em>, lo que permitir\u00e1 que se adapten a sus <\/em><strong><em><span style=\"color: #993366;\">necesidades y expectativas<\/span><\/em><\/strong><em><span style=\"color: #993366;\">.<\/span><\/em><\/p>\n<p style=\"text-align: justify;\"><em>Antes de consolidar soluciones generales hay que construir <\/em><strong><em><span style=\"color: #993366;\">experiencias locales<\/span><\/em><\/strong><em>. El m\u00e9todo <\/em><strong><em><span style=\"color: #993366;\">experimental<\/span> <\/em><\/strong><em>no s\u00f3lo es el m\u00e1s adecuado para el conocimiento cient\u00edfico, tambi\u00e9n lo es para el dise\u00f1o de servicios. La experiencia del Living Lab de Abla debe servir de modelo.<\/em><\/p>\n<p style=\"text-align: justify;\"><em>Los <\/em><strong><em><span style=\"color: #993366;\">ciudadanos excluidos<\/span> <\/em><\/strong><em>y desconectados de la sociedad actual en las soluciones basadas en la Web 2.0 deben ser integrados, ya que son los que m\u00e1s necesitan los servicios sanitarios.<\/em><\/p>\n<p style=\"text-align: justify;\"><em>El primer paso hacia la <\/em><strong><em><span style=\"color: #993366;\">transparencia<\/span> <\/em><\/strong><em>es <\/em><strong><em><span style=\"color: #993366;\">la claridad<\/span><\/em><\/strong><em>. Los servicios y la informaci\u00f3n deben ser f\u00e1ciles de encontrar, de usar y de entender.<\/em><\/p>\n<p style=\"text-align: right;\"><strong><em><span style=\"color: #993366;\">Para los Profesionales:<\/span><\/em><\/strong><\/p>\n<p style=\"text-align: justify;\"><em>Establecer <\/em><strong><em><span style=\"color: #993366;\">mecanismos<\/span> <\/em><\/strong><em>que faciliten la <\/em><strong><em><span style=\"color: #993366;\">colaboraci\u00f3n<\/span> <\/em><\/strong><em>y el intercambio de conocimientos mediante el uso de redes profesionales, dado que son \u00e9stos los que tienen informaci\u00f3n y conocimiento suficientes para mejorar los servicios que prestan.<\/em><\/p>\n<p style=\"text-align: justify;\"><em>La <\/em><strong><em><span style=\"color: #993366;\">auto-organizaci\u00f3n los profesionales sociosanitarios<\/span><\/em><\/strong><em>, junto con la ciudadan\u00eda, debe ser un pilar fundamental del cambio. La comunidad local ha de convertirse en espacio social de innovaci\u00f3n que lidere el cambio.<\/em><\/p>\n<p style=\"text-align: justify;\"><strong><em><span style=\"color: #993366;\">El debate<\/span> <\/em><\/strong><em>de los profesionales en torno al sistema sanitario no debe ser entendido como una amenaza por los gestores o responsables pol\u00edticos, sino como una gran <\/em><strong><em><span style=\"color: #993366;\">oportunidad para mejorar<\/span> <\/em><\/strong><em>el propio sistema.<\/em><\/p>\n<p style=\"text-align: justify;\"><em>Internet es una v\u00eda para mejorar <\/em><strong><em><span style=\"color: #993366;\">la relaci\u00f3n entre los ciudadanos y los profesionales<\/span><\/em><\/strong><em>. Colaborar en la red, orientar los servicios a la ciudadan\u00eda y compartir experiencias, potencia el crecimiento com\u00fan.<\/em><\/p>\n<p style=\"text-align: justify;\"><strong><em><span style=\"color: #993366;\">El impulso<\/span> <\/em><\/strong><em>del uso de Internet y las nuevas tecnolog\u00edas es imprescindible para la mejora oganizativa del sistema sociosanitario.<\/em><\/p>\n<p style=\"text-align: justify;\"><em>Las soluciones tecnol\u00f3gicas deben ser <\/em><strong><em><span style=\"color: #993366;\">accesibles<\/span> <\/em><\/strong><em>para todos. Las organizaciones <\/em><strong><em><span style=\"color: #993366;\">deber\u00e1n proveer y facilitar <\/span><\/em><\/strong><em>su acceso independientemente del lugar de trabajo y titulaci\u00f3n.<\/em><\/p>\n<p style=\"text-align: justify;\"><strong><em><span style=\"color: #993366;\">La seguridad <\/span><\/em><\/strong><em>no puede ser excusa para el acceso a Internet. Debe ser un derecho de los profesionales ejercido desde <\/em><strong><em><span style=\"color: #993366;\">la responsabilidad<\/span><\/em><\/strong><em>, sin censuras ni limitaciones.<\/em><\/p>\n<p style=\"text-align: justify;\"><em>El uso de la tecnolog\u00eda debe respetar el <\/em><strong><em><span style=\"color: #993366;\">derecho a la intimidad<\/span><\/em><\/strong><em>, al honor y a la propia imagen. Todos los usuarios, ciudadanos y profesionales, deber\u00e1n velar por dichos derechos, seg\u00fan los t\u00e9rminos establecidos por la legislaci\u00f3n vigente.<\/em><\/p>\n<p style=\"text-align: justify;\"><strong><em><span style=\"color: #993366;\">La formaci\u00f3n<\/span> <\/em><\/strong><em>sobre nuevas tecnolog\u00edas es un <\/em><strong><em><span style=\"color: #993366;\">derecho y una obligaci\u00f3n<\/span> <\/em><\/strong><em>de todos los profesionales. Dicha formaci\u00f3n debe incentivarse adecuadamente pues fomenta la transferencia del conocimiento y el desarrollo de nuevas competencias.<\/em><\/p>\n<p style=\"text-align: justify;\"><em>Se deben <\/em><strong><em><span style=\"color: #993366;\">potenciar estrategias<\/span> <\/em><\/strong><em>de trabajo en red mediante iniciativas concretas ligadas a la pr\u00e1ctica profesional y <\/em><strong><em><span style=\"color: #993366;\">tecnolog\u00edas colaborativas<\/span> <\/em><\/strong><em>que favorezcan la relaci\u00f3n bidireccional con los pacientes.<\/em><\/p>\n<h6><strong>Autores: <\/strong>#salud20Andalucia,  @cuidadorasnet, @pacoxxi, @alorza, @randrom, @luisluque, @marianoh,  @lineros55, @emilenko, @moilafille, @andonicarrion, @carlosnunezo,  #comisiongestora, @Juany_Olvera, @goroji, @rafacano, @manyez,  @cuidando_es_sfs, @bbelizon, @Perielvampi, @EnferEvidente, @JuanOdM,  @flupianez, @CarlosMatabuena, @Ebevidencia, @spanamed, @drajomeini,  @jbasago, @alesmismo, @ntonio_Reina, @fradiex, @natho47, @enfermera2pto0, @gallegodieguez, @clarabermudez, @bacigalupe, #healthglobal, @bainab @DCCU, @carlosgurpegui, @lolavellido<\/h6>\n<h5 style=\"text-align: justify;\"><span style=\"color: #444444;\">Este documento es una redacci\u00f3n colaborativa a partir de \u201cDec\u00e1logo para una sanidad ciudadanoc\u00e9ntrica\u201d, en Alberto Ortiz de Z\u00e1rate: \u201cSistemas sanitarios m\u00e1s cercanos\u201d, cap\u00edtulo del libro \u201cSalud 2.0: el ePaciente y las redes sociales\u201d, Fundaci\u00f3n Vodafone Espa\u00f1a, 2011.<\/span><\/h5>\n<p>Para comentarios visita la p\u00e1gina de <a href=\"http:\/\/www.salud20.es\/manifiesto\/index.php\/adhesiones\/\">adhesiones<\/a><\/p>\n<h5 style=\"text-align: justify;\"><span style=\"color: #444444;\"><a href=\"http:\/\/creativecommons.org\/licenses\/by\/3.0\/deed.es\">Licencia Creative Commons Reconocimiento (by)<\/a>: Se permite cualquier explotaci\u00f3n de la obra, incluyendo una finalidad comercial, as\u00ed como la creaci\u00f3n de obras derivadas, la distribuci\u00f3n de las cuales tambi\u00e9n est\u00e1 permitida sin ninguna restricci\u00f3n.<\/span><\/h5>\n<h5 style=\"text-align: justify;\"><span style=\"color: #444444;\">P\u00e1gina web mantenida por <a href=\"http:\/\/www.tsb.upv.es\/\">ITACA-TSB<\/a> de la Universidad Polit\u00e9cnica de Valencia<br \/>\n<\/span><\/h5>\n","protected":false},"excerpt":{"rendered":"<p>Tweet 32 a\u00f1os desde Alma-Ata De la comunidad que se reuni\u00f3 por primera vez en septiembre 2010 con las primeras dos conferencias sobre Salud 2.0 en Sevilla y Granada, y que se ha vuelto a reunir en el reciente encuentro &hellip; <a href=\"https:\/\/www.salud20.es\/manifiesto\/index.php\/2010\/11\/14\/salud-2-0-lineas-para-una-sanidad-participativa\/\">Sigue leyendo <span class=\"meta-nav\">&rarr;<\/span><\/a><\/p>\n","protected":false},"author":4,"featured_media":0,"comment_status":"closed","ping_status":"closed","sticky":true,"template":"","format":"standard","meta":{"footnotes":""},"categories":[1],"tags":[],"class_list":["post-17","post","type-post","status-publish","format-standard","hentry","category-sin-categoria"],"_links":{"self":[{"href":"https:\/\/www.salud20.es\/manifiesto\/index.php\/wp-json\/wp\/v2\/posts\/17","targetHints":{"allow":["GET"]}}],"collection":[{"href":"https:\/\/www.salud20.es\/manifiesto\/index.php\/wp-json\/wp\/v2\/posts"}],"about":[{"href":"https:\/\/www.salud20.es\/manifiesto\/index.php\/wp-json\/wp\/v2\/types\/post"}],"author":[{"embeddable":true,"href":"https:\/\/www.salud20.es\/manifiesto\/index.php\/wp-json\/wp\/v2\/users\/4"}],"replies":[{"embeddable":true,"href":"https:\/\/www.salud20.es\/manifiesto\/index.php\/wp-json\/wp\/v2\/comments?post=17"}],"version-history":[{"count":48,"href":"https:\/\/www.salud20.es\/manifiesto\/index.php\/wp-json\/wp\/v2\/posts\/17\/revisions"}],"predecessor-version":[{"id":128,"href":"https:\/\/www.salud20.es\/manifiesto\/index.php\/wp-json\/wp\/v2\/posts\/17\/revisions\/128"}],"wp:attachment":[{"href":"https:\/\/www.salud20.es\/manifiesto\/index.php\/wp-json\/wp\/v2\/media?parent=17"}],"wp:term":[{"taxonomy":"category","embeddable":true,"href":"https:\/\/www.salud20.es\/manifiesto\/index.php\/wp-json\/wp\/v2\/categories?post=17"},{"taxonomy":"post_tag","embeddable":true,"href":"https:\/\/www.salud20.es\/manifiesto\/index.php\/wp-json\/wp\/v2\/tags?post=17"}],"curies":[{"name":"wp","href":"https:\/\/api.w.org\/{rel}","templated":true}]}}